{"id":1855,"date":"2020-07-27T16:23:57","date_gmt":"2020-07-27T14:23:57","guid":{"rendered":"https:\/\/svamv.site-preview.ch\/du-sable-a-perte-de-vue-une-pause-mentale-pour-les-parents-celibataires\/"},"modified":"2024-12-19T09:09:43","modified_gmt":"2024-12-19T08:09:43","slug":"du-sable-a-perte-de-vue-une-pause-mentale-pour-les-parents-celibataires","status":"publish","type":"post","link":"https:\/\/svamv.ch\/fr\/du-sable-a-perte-de-vue-une-pause-mentale-pour-les-parents-celibataires\/","title":{"rendered":"Du sable \u00e0 perte de vue &#8211; une pause mentale pour les parents c\u00e9libataires"},"content":{"rendered":"\n<p class=\"has-text-align-right p1\"><em><span class=\"s1\">***Article invit\u00e9 de Laura Sch\u00e4fer<\/span><\/em><\/p>\n\n<p class=\"p1\"><span class=\"s1\"><strong>Du sable \u00e0 perte de vue.<\/strong>  C&rsquo;est sans doute ainsi que la petite coccinelle a per\u00e7u le monde lorsqu&rsquo;elle s&rsquo;est perdue dans le coquillage de sable d&rsquo;environ un m\u00e8tre de diam\u00e8tre de mon fils. Je l&rsquo;ai rapidement mise en s\u00e9curit\u00e9 avant que mon fils ne la d\u00e9couvre et que la petite coccinelle ne doive se battre pour sa vie. Sans en avoir conscience, mon fils, \u00e2g\u00e9 d&rsquo;\u00e0 peine un an et demi, repr\u00e9sente en effet un \u00e9norme danger pour ce petit insecte. Je ferais mieux de placer un panneau devant le coquillage de sable avec l&rsquo;inscription \u00ab\u00a0Attention danger de mort\u00a0\u00bb !   <\/span><\/p>\n\n<figure class=\"wp-block-image\"><img decoding=\"async\" src=\"https:\/\/svamv.ch\/wp-content\/uploads\/2024\/07\/dominik-scythe-5q5CAz_bOAg-unsplash-scaled.jpg\" alt=\"\" class=\"wp-image-7936\"\/><\/figure>\n\n<p class=\"p1\"><span class=\"s1\">Une fois le scarab\u00e9e en s\u00e9curit\u00e9 et le sable blanc et fin glissant entre mes doigts pendant que mon fils jouait tranquillement, j&rsquo;ai repens\u00e9 \u00e0 nos derni\u00e8res vacances.  <\/span><span class=\"s1\">Gr\u00e2ce \u00e0 nos amis sans enfants, qui ont toujours eu beaucoup de plaisir \u00e0 s&rsquo;occuper de mon fils, ces vacances m&rsquo;ont permis de me reposer de temps en temps de la vie quotidienne que je menais alors seule avec un nourrisson.  <strong>Et donc, le mot \u00ab\u00a0vacances\u00a0\u00bb \u00e9tait effectivement le terme appropri\u00e9 pour ces jours pass\u00e9s au bord de la mer.<\/strong>  Malheureusement, les choses n&rsquo;ont pas commenc\u00e9 de mani\u00e8re d\u00e9tendue :<\/span><\/p>\n\n<p class=\"p1\"><span class=\"s1\">Totalement enrhum\u00e9e, mais impatiente de partir en vacances, je me suis rendue \u00e0 l&rsquo;a\u00e9roport \u00e0 midi pour enregistrer mes bagages afin de pouvoir prendre l&rsquo;avion le lendemain \u00e0 l&rsquo;aube, d\u00e9tendue, avec mon fils dans le porte-b\u00e9b\u00e9 (il avait environ 7 mois \u00e0 ce moment-l\u00e0). Jusqu&rsquo;ici, tout \u00e9tait bien organis\u00e9.   <strong>Malheureusement, il n&rsquo;en a pas \u00e9t\u00e9 ainsi.<\/strong><\/span><\/p>\n\n<figure class=\"wp-block-image\"><img decoding=\"async\" src=\"https:\/\/svamv.ch\/wp-content\/uploads\/2024\/07\/barbara-maier-zp4q3mOSyBA-unsplash-scaled.jpg\" alt=\"\" class=\"wp-image-7924\"\/><\/figure>\n\n<p class=\"p1\"><span class=\"s1\">J&rsquo;avais parfaitement positionn\u00e9 ma voiture dans le parking de l&rsquo;a\u00e9roport de Zurich, ce qui m&rsquo;a permis d&rsquo;atteindre le comptoir d&rsquo;enregistrement en quelques pas avec nos deux valises.  <\/span><span class=\"s1\">Arriv\u00e9 au comptoir, j&rsquo;ai pens\u00e9 que l&rsquo;enregistrement \u00e9tait d\u00e9j\u00e0 termin\u00e9.  <strong>Dans ma t\u00eate, j&rsquo;\u00e9tais d\u00e9j\u00e0 rentr\u00e9 chez moi pour pr\u00e9parer mes bagages \u00e0 main.<\/strong><\/span><\/p>\n\n<p class=\"p1\"><span class=\"s1\">Mais soudain, les mots de l&#8217;employ\u00e9 ennuy\u00e9 me ram\u00e8nent ici et maintenant : <strong>\u00ab\u00a0.<\/strong><\/span><span class=\"s2\"><strong>Votre document d&rsquo;identit\u00e9 n&rsquo;est plus valable six mois apr\u00e8s la date de sortie du territoire\u00a0\u00bb.<\/strong> <\/span> <span class=\"s1\">Avec cette phrase, il avait toute mon attention ! Mais rien n&rsquo;y a fait, il s&rsquo;en est fallu de peu.   <\/span><\/p>\n\n<p class=\"p1\"><span class=\"s1\">Dans les heures qui ont suivi, j&rsquo;ai essay\u00e9 de trouver des solutions : <strong>Mais o\u00f9 pouvais-je trouver un passeport d&rsquo;urgence \u00e0 la h\u00e2te ?<\/strong> Si j&rsquo;\u00e9tais suisse, pas de probl\u00e8me, mais je suis allemande et l\u00e0, \u00e7a devient vraiment compliqu\u00e9.  <\/span><span class=\"s1\">Et m\u00eame si je parvenais \u00e0 trouver un passeport d&rsquo;urgence, il n&rsquo;est pas certain qu&rsquo;il soit accept\u00e9 \u00e0 l&rsquo;entr\u00e9e du pays de destination \u00ab\u00a0Egypte\u00a0\u00bb. C&rsquo;est ce que m&rsquo;a dit l&rsquo;agent d&rsquo;enregistrement pour me motiver. <\/span><\/p>\n\n<figure class=\"wp-block-image\"><img decoding=\"async\" src=\"https:\/\/svamv.ch\/wp-content\/uploads\/2024\/07\/samantha-hartley-ubt6OzW2KBg-unsplash-scaled.jpg\" alt=\"\" class=\"wp-image-7933\"\/><\/figure>\n\n<p class=\"p1\"><span class=\"s1\">J&rsquo;ai habilement mis en place une double approche pour trouver des solutions. C&rsquo;est l\u00e0 que j&rsquo;ai vraiment pu profiter de mes comp\u00e9tences r\u00e9cemment acquises en tant que m\u00e8re c\u00e9libataire &#8211; <strong>rester flexible et tout mettre en place en m\u00eame temps.<\/strong> <\/span><\/p>\n\n<p class=\"p1\"><span class=\"s1\">Dans cette situation, cela signifiait que je devais me rendre personnellement \u00e0 plusieurs endroits de l&rsquo;a\u00e9roport pour trouver un interlocuteur qui se sentait responsable de moi pour changer mon vol. On aurait pu penser que ce serait facile.   <strong>Mais ce n&rsquo;\u00e9tait pas le cas.<\/strong>  Et d&rsquo;autre part, au t\u00e9l\u00e9phone avec la police f\u00e9d\u00e9rale des fronti\u00e8res, diverses municipalit\u00e9s en Allemagne, le consulat \u00e0 Zurich et enfin l&rsquo;ambassade \u00e0 Berne, de trouver une solution \u00e0 ma situation qui semblait au d\u00e9part d\u00e9sesp\u00e9r\u00e9e.  <\/span><\/p>\n\n<p class=\"p1\"><span class=\"s1\">Et oui, lors de mes sprints \u00e0 l&rsquo;a\u00e9roport, j&rsquo;ai toujours mes deux valises \u00e0 mes c\u00f4t\u00e9s. Avec le t\u00e9l\u00e9phone \u00e0 l&rsquo;oreille, c&rsquo;est un vrai d\u00e9fi.   <\/span><strong><span class=\"s1\">Le soir, j&rsquo;ai eu la certitude que je devais changer ma r\u00e9servation pour le prochain vol pr\u00e9vu dans deux jours et demander un document d&rsquo;identit\u00e9 express \u00e0 l&rsquo;ambassade \u00e0 Berne.  <\/span><\/strong><\/p>\n\n<figure class=\"wp-block-image\"><img decoding=\"async\" src=\"https:\/\/svamv.ch\/wp-content\/uploads\/2024\/07\/xavier-mouton-photographie-ry_sD0P1ZL0-unsplash-scaled.jpg\" alt=\"\" class=\"wp-image-7921\"\/><\/figure>\n\n<p class=\"p1\"><span class=\"s1\">Comme nous le verrons plus tard dans la soir\u00e9e,<span class=\"Apple-converted-space\"> <\/span>je n&rsquo;aurais de toute fa\u00e7on pas pu prendre l&rsquo;avion, car mon \u00e9tat de sant\u00e9 s&rsquo;\u00e9tait tellement d\u00e9t\u00e9rior\u00e9 au cours de la journ\u00e9e que je n&rsquo;aurais d\u00e9j\u00e0 pas d\u00fb prendre l&rsquo;avion en raison de mon otite. C&rsquo;est ce qu&rsquo;a d\u00e9clar\u00e9 le m\u00e9decin des urgences consult\u00e9 par t\u00e9l\u00e9phone.   <strong>Est-il r\u00e9aliste d&rsquo;esp\u00e9rer une am\u00e9lioration significative de la sant\u00e9 de mes oreilles en seulement deux jours ?<\/strong>  C&rsquo;\u00e9tait \u00e9crit dans le ciel.  <\/span><\/p>\n\n<p class=\"p1\"><span class=\"s1\">Heureusement, j&rsquo;avais entre-temps le soutien nerveux et comp\u00e9tent d&rsquo;amis. Sinon, j&rsquo;aurais probablement abandonn\u00e9 et accept\u00e9 l&rsquo;\u00e9chec. Accepter les choses qui ne peuvent plus \u00eatre chang\u00e9es \u00e9tait devenu ma discipline de pr\u00e9dilection au cours des derniers mois en tant que parent c\u00e9libataire.    <strong>La prise de conscience a \u00e9t\u00e9 que les choses continuent toujours d&rsquo;une mani\u00e8re ou d&rsquo;une autre et qu&rsquo;il n&rsquo;y a de toute fa\u00e7on pas le temps d&rsquo;\u00eatre triste longtemps, car mon fils a de nombreux souhaits toute la journ\u00e9e et m\u00eame la nuit, que je peux r\u00e9aliser chaque jour en tant que son \u00ab\u00a0esclave\u00a0\u00bb personnel.<\/strong><\/span><\/p>\n\n<figure class=\"wp-block-image\"><img decoding=\"async\" src=\"https:\/\/svamv.ch\/wp-content\/uploads\/2024\/07\/sharon-mccutcheon-5BRIjMTKFkU-unsplash-scaled.jpg\" alt=\"\" class=\"wp-image-7967\"\/><\/figure>\n\n<p class=\"p1\"><span class=\"s1\">Le lendemain matin, \u00e0 5 heures, j&rsquo;\u00e9tais d\u00e9j\u00e0 en route pour Berne, alors que j&rsquo;avais pass\u00e9 la moiti\u00e9 de la nuit \u00e0 chercher les nombreux documents dont j&rsquo;aurais besoin pour demander un passeport d&rsquo;urgence. <strong>Du moins, quand je n&rsquo;\u00e9tais pas en train de bercer mon fils pour l&rsquo;endormir.<\/strong> Mais qui sait o\u00f9 se trouvait le certificat de radiation du premier domicile allemand il y a environ 15 ans et pourquoi j&rsquo;en ai besoin pour demander un passeport d&rsquo;urgence ? Ce qui nous ram\u00e8ne \u00e0 la question de l&rsquo;acceptation : ne pas se poser de questions, chercher simplement (c&rsquo;est ainsi que je me suis encourag\u00e9). <\/span><\/p>\n\n<p class=\"p1\"><span class=\"s1\">Vous voulez savoir ce que j&rsquo;ai fait avec mon fils ce matin-l\u00e0 ? Oui, j&rsquo;ai jongl\u00e9 avec lui d&rsquo;une amie \u00e0 l&rsquo;autre.   <strong>Ce qui m&rsquo;a donn\u00e9 l&rsquo;impression d&rsquo;\u00eatre la pire m\u00e8re du monde.  <\/strong><\/span><span class=\"s1\">Surtout parce que j&rsquo;avais maintenant le temps de r\u00e9fl\u00e9chir.<span class=\"Apple-converted-space\"> <\/span>Enfin, j&rsquo;avais un long trajet en voiture<span class=\"Apple-converted-space\">  <\/span>\u00e0 faire, puisque je devais me rendre de Zurich \u00e0 l&rsquo;ambassade \u00e0 Berne.<\/span><\/p>\n\n<figure class=\"wp-block-image\"><img decoding=\"async\" src=\"https:\/\/svamv.ch\/wp-content\/uploads\/2024\/07\/alvaro-reyes-H7PlzFI0ih8-unsplash-scaled.jpg\" alt=\"\" class=\"wp-image-7970\"\/><\/figure>\n\n<p class=\"p1\"><span class=\"s1\"><strong>Je me suis demand\u00e9 si cela en valait la peine ?<\/strong>  Oui, j&rsquo;aurais tellement voulu peser le pour et le contre avec mon partenaire \u00e0 ce moment-l\u00e0.  <strong>M\u00eame si j&rsquo;ai bien support\u00e9 le fait d&rsquo;\u00eatre une m\u00e8re c\u00e9libataire d\u00e8s le d\u00e9but, dans ces moments difficiles, je m&rsquo;en prenais toujours particuli\u00e8rement au p\u00e8re de mon fils.<\/strong>  Sur le moment, le pauvre homme n&rsquo;\u00e9tait pas responsable de la situation, mais ce sont ces situations qui font remonter \u00e0 la surface ma frustration int\u00e9rieure. Un peu comme une \u00e9ruption volcanique. Une fois que c&rsquo;est termin\u00e9, apr\u00e8s la premi\u00e8re destruction totale, le sol redevient fertile. Cela prend juste du temps et on ne sait jamais quand cela va se reproduire.   <\/span><\/p>\n\n<p class=\"p1\"><span class=\"s1\">Y aurait-il m\u00eame une \u00ab\u00a0fin heureuse\u00a0\u00bb ? Pour le p\u00e8re et pour moi, il n&rsquo;y en avait pas. <span class=\"Apple-converted-space\"> <\/span>Une situation pr\u00e9cise dans cet a\u00e9roport a jou\u00e9 un r\u00f4le cl\u00e9 dans l&rsquo;\u00e9chec de notre relation, quasiment l&rsquo;\u00e9preuve de force de cette aventure cin\u00e9matographique en soi. En fait, c&rsquo;est aussi le moment o\u00f9 je l&rsquo;ai vu pour la derni\u00e8re fois.   <\/span><span class=\"s1\">Un ami de la famille m&rsquo;avait d\u00e9j\u00e0 dit qu&rsquo;il trouvait les sc\u00e8nes qui se d\u00e9roulaient dans les a\u00e9roports du monde entier tr\u00e8s passionnantes.  <strong>Ici, les gens se serrent dans les bras, mais ils se disent aussi au revoir avec \u00e9motion.<\/strong><\/span><\/p>\n\n<figure class=\"wp-block-image\"><img decoding=\"async\" src=\"https:\/\/svamv.ch\/wp-content\/uploads\/2024\/07\/rostyslav-savchyn-ekBNBaVGqsA-unsplash-scaled.jpg\" alt=\"\" class=\"wp-image-7973\"\/><\/figure>\n\n<p class=\"p1\"><span class=\"s1\">Vous connaissez cela aussi ? Des endroits o\u00f9 vous avez l&rsquo;impression de ne plus pouvoir respirer parce que vous les associez \u00e0 votre ex-partenaire ? L&rsquo;a\u00e9roport est un de ces endroits pour moi. Et l&rsquo;ami de longue date de la famille avait raison. Dans les a\u00e9roports, on peut observer toutes sortes d&rsquo;\u00e9motions intenses, comme l&rsquo;amour, la tristesse, mais aussi la joie.      <\/span><span class=\"s1\">Mon \u00e9motion \u00e9tait justement caract\u00e9ris\u00e9e par la d\u00e9termination et la volont\u00e9.  <\/span><span class=\"s2\"><strong>Je voulais ces vacances &#8211; j&rsquo;avais besoin de ces vacances !<\/strong> <\/span><span class=\"s1\">Mais<span class=\"Apple-converted-space\">  <\/span>\u00e0 ce moment-l\u00e0, il n&rsquo;\u00e9tait pas du tout clair si je pouvais encore organiser mon passeport d&rsquo;urgence dans le temps dont je disposais. Peut-\u00eatre y aurait-il au moins un \u00ab\u00a0happy end\u00a0\u00bb \u00e0 ce sujet.   <\/span><\/p>\n\n<p class=\"p1\"><span class=\"s1\">Entre les deux, un autre sentiment s&rsquo;imposait toujours : La col\u00e8re. De la col\u00e8re contre moi-m\u00eame. Comment ai-je pu commettre une telle erreur de d\u00e9butant ? Moi qui avais d\u00e9j\u00e0 parcouru la moiti\u00e9 du monde ? Mais oui, cela aurait pu arriver \u00e0 n&rsquo;importe qui, apaisa l&rsquo;ange sur mon \u00e9paule gauche en direction du diable \u00e0 ma droite.      <strong>Toute personne qui a subi une telle pression massive et permanente en tant que parent isol\u00e9 avec un nourrisson. Sans famille \u00e0 proximit\u00e9 et sans m\u00eame un centime de pension alimentaire. <\/strong><\/span><\/p>\n\n<figure class=\"wp-block-image\"><img decoding=\"async\" src=\"https:\/\/svamv.ch\/wp-content\/uploads\/2024\/07\/kyle-broad-P9rQn2qcEV0-unsplash-scaled.jpg\" alt=\"\" class=\"wp-image-7976\"\/><\/figure>\n\n<p class=\"p1\"><span class=\"s1\">Une fois arriv\u00e9 \u00e0 Berne, j&rsquo;ai d\u00fb faire un petit marathon.<span class=\"Apple-converted-space\"> <\/span>Prendre des photos r\u00e9centes pour le passeport, aller \u00e0 la banque pour retirer de l&rsquo;argent liquide, car l&rsquo;ambassade n&rsquo;acceptait (typiquement) que de l&rsquo;argent liquide. Une fois \u00e0 l&rsquo;ambassade, j&rsquo;ai vraiment eu l&rsquo;impression d&rsquo;\u00eatre en Allemagne. Tous ces fonctionnaires au regard s\u00e9v\u00e8re. La fonctionnaire charg\u00e9e de mon dossier m&rsquo;a expliqu\u00e9 que ce n&rsquo;\u00e9tait qu&rsquo;un passeport temporaire. Pour en demander un nouveau, il me faudrait un rendez-vous s\u00e9par\u00e9.      <\/span><\/p>\n\n<p class=\"p1\"><span class=\"s1\"><strong>Je tire vraiment rarement la carte de la compassion pour les parents isol\u00e9s.<\/strong>  Mais je voulais \u00e0 tout prix \u00e9viter de revenir un autre jour pour faire ma demande. Elle a maintenu son refus avec v\u00e9h\u00e9mence, et mes conditions de vie n&rsquo;ont pas aid\u00e9.    <strong>J&rsquo;aurais aim\u00e9 recevoir de temps en temps une petite boucle sp\u00e9ciale. Tout simplement pour soutenir les familles monoparentales dans notre soci\u00e9t\u00e9.   <\/strong><\/span><\/p>\n\n<p class=\"p1\"><span class=\"s1\">Heureusement, j&rsquo;ai pu quitter rapidement ce quartier de haute s\u00e9curit\u00e9, mais j&rsquo;ai d\u00fb attendre mon passeport d&rsquo;urgence. Pendant que j&rsquo;attendais, le nez pinc\u00e9, devant l&rsquo;ambassade, mon passeport d&rsquo;urgence, qui avait au moins \u00e9t\u00e9 demand\u00e9 avec succ\u00e8s, j&rsquo;ai essay\u00e9 de rester positif. Mais le diable a profit\u00e9 de ce calme pour m&rsquo;agacer.  <\/span><\/p>\n\n<figure class=\"wp-block-image\"><img decoding=\"async\" src=\"https:\/\/svamv.ch\/wp-content\/uploads\/2024\/07\/bethany-beck-82NHIKIvKNc-unsplash-scaled.jpg\" alt=\"\" class=\"wp-image-7979\"\/><\/figure>\n\n<p class=\"p1\"><span class=\"s1\">Peut-\u00eatre que tout cela est un signe ? Apr\u00e8s tout, le lieu de voyage est un endroit o\u00f9 j&rsquo;ai \u00e9t\u00e9 plusieurs fois avec mon ex-partenaire. En fait, j&rsquo;avais \u00e9vit\u00e9 cet endroit pendant longtemps, mais il \u00e9tait temps de retrouver mes amis et de visiter \u00e0 nouveau cette oasis. Le diable avait de mauvaises cartes \u00e0 jouer ici aussi : je voulais ces vacances &#8211; je voulais revivre la devise de l&rsquo;h\u00f4tel \u00ab\u00a0rentrer \u00e0 la maison\u00a0\u00bb.     <strong>J&rsquo;ai donc d\u00fb combler le silence dans ma t\u00eate d&rsquo;une autre mani\u00e8re.<\/strong><\/span><\/p>\n\n<p class=\"p1\"><span class=\"s1\">Depuis des heures, ma voiture \u00e9tait parfaitement align\u00e9e sur l&rsquo;entr\u00e9e de l&rsquo;ambassade, hautement surveill\u00e9e. En attendant que la carte d&rsquo;identit\u00e9 soit enfin imprim\u00e9e en urgence, je m&rsquo;imaginais \u00eatre une espionne et que ma mission consistait \u00e0 rep\u00e9rer les \u00ab\u00a0all\u00e9es et venues\u00a0\u00bb de l&rsquo;ambassade&#8230;   <\/span><strong><span class=\"s1\">Entre-temps, j&rsquo;avais plut\u00f4t l&rsquo;impression que l&rsquo;ambassade m&rsquo;observait, car les cam\u00e9ras \u00e9taient d\u00e9j\u00e0 orient\u00e9es vers moi. C&rsquo;est du moins ce que j&rsquo;ai cru comprendre. <\/span><\/strong><\/p>\n\n<figure class=\"wp-block-image\"><img decoding=\"async\" src=\"https:\/\/svamv.ch\/wp-content\/uploads\/2024\/07\/rashid-khreiss-Jvs9atD1q0g-unsplash-scaled.jpg\" alt=\"\" class=\"wp-image-7982\"\/><\/figure>\n\n<p class=\"p1\"><span class=\"s1\">Ils se sont probablement demand\u00e9 si cette femme en voiture repr\u00e9sentait un danger pour la R\u00e9publique f\u00e9d\u00e9rale d&rsquo;Allemagne ?  <\/span><span class=\"s1\">Je me suis alors arr\u00eat\u00e9 et j&rsquo;ai quitt\u00e9 le r\u00eave \u00e9veill\u00e9 \u00e0 la James Bond.  <\/span><span class=\"s1\">Le drapeau de l&rsquo;UE \u00e0 c\u00f4t\u00e9 de la maison m&rsquo;a donn\u00e9 suffisamment de temps pour r\u00e9fl\u00e9chir jusqu&rsquo;\u00e0 ce que le moment soit enfin venu.  <\/span><span class=\"s1\">Finalement, tout s&rsquo;est bien pass\u00e9. J&rsquo;ai obtenu ma carte d&rsquo;identit\u00e9 et j&rsquo;ai pu m&rsquo;envoler pour l&rsquo;\u00c9gypte le lendemain. D\u00e8s que j&rsquo;ai \u00e9t\u00e9 accueillie \u00e0 l&rsquo;h\u00f4tel par <strong>\u00ab\u00a0Bienvenue \u00e0 la maison Laura\u00a0\u00bb,<\/strong> j&rsquo;ai su que c&rsquo;\u00e9tait la bonne d\u00e9cision. Dans les bras de mes amis, j&rsquo;ai enfin pu me laisser aller un peu et cela en valait la peine. M\u00eame s&rsquo;il ne restait qu&rsquo;une dizaine de jours de soleil, de sable et de mer, en raison de la dur\u00e9e d\u00e9j\u00e0 prolong\u00e9e du voyage.    <\/span><\/p>\n\n<p class=\"p1\"><span class=\"s1\">C&rsquo;est avec le sourire que je suis revenue \u00e0 la r\u00e9alit\u00e9 de ce r\u00eave \u00e9veill\u00e9 actuel et que j&rsquo;ai constat\u00e9 une fois de plus que le fait que l&rsquo;enfant ne fasse pas de bruit n&rsquo;est jamais un bon signe.  <strong>On en profite certes, mais on sait tr\u00e8s bien que l&rsquo;enfant fait des b\u00eatises.<\/strong>  Et c&rsquo;est ce qui s&rsquo;est pass\u00e9. Le sable s&rsquo;\u00e9tait r\u00e9pandu partout, \u00e0 l&rsquo;ext\u00e9rieur du coquillage bien s\u00fbr. Et ce qui n&rsquo;\u00e9tait pas \u00e0 l&rsquo;ext\u00e9rieur s&rsquo;\u00e9tait retrouv\u00e9 \u00e0 l&rsquo;int\u00e9rieur des v\u00eatements de mon fils. Ce qui signifie   <span class=\"Apple-converted-space\">  <\/span>dans la baignoire. Je n&rsquo;ai pas pu m&#8217;emp\u00eacher de penser \u00e0 la mer.   <\/span><span class=\"s1\">Et gr\u00e2ce \u00e0 mon fils, je pouvais aussi sentir la houle \u00e0 travers la salle de bain.<\/span><\/p>\n\n<figure class=\"wp-block-image\"><img decoding=\"async\" src=\"https:\/\/svamv.ch\/wp-content\/uploads\/2024\/07\/tsunami-green-VpuQh755zD8-unsplash-scaled.jpg\" alt=\"\" class=\"wp-image-7985\"\/><\/figure>\n\n<p class=\"p1\"><span class=\"s1\">Cette ann\u00e9e, les finances ne permettent pas de prendre des vacances, sans parler de la situation de Corona. Mais il est agr\u00e9able de pouvoir prendre de temps en temps une petite pause mentale et de s&rsquo;\u00e9vader des vacances d\u00e9j\u00e0 v\u00e9cues dans un lieu de son choix.   <\/span><strong><span class=\"s1\">Et le meilleur dans tout cela : le voyage mental ne nous co\u00fbte rien, ne n\u00e9cessite pas de respecter des r\u00e8gles de distance et, heureusement, ne requiert pas de passeport en cours de validit\u00e9.<\/span><\/strong><\/p>\n\n<p><a href=\"https:\/\/svamv.ch\/svamv\/wir-ueber-uns\/kontakt\/\" target=\"_blank\" rel=\"noopener\">Vous avez des questions ou besoin d&rsquo;aide ? N&rsquo;h\u00e9sitez pas \u00e0 nous contacter ! <\/a><\/p>\n\n<p class=\"p3\"><span class=\"s2\">FSFM<br\/>F\u00e9d\u00e9ration suisse<br\/>m\u00e8res et p\u00e8res c\u00e9libataires<br\/>Case postale 334<br\/>3000 Berne 6<br\/>T\u00e9l. 031 351 77 71<\/span><\/p>\n","protected":false},"excerpt":{"rendered":"<p>***Article invit\u00e9 de Laura Sch\u00e4fer Du sable \u00e0 perte de vue. C&rsquo;est sans doute ainsi que la petite coccinelle a per\u00e7u le monde lorsqu&rsquo;elle s&rsquo;est perdue dans le coquillage de sable d&rsquo;environ un m\u00e8tre de diam\u00e8tre de mon fils. Je l&rsquo;ai rapidement mise en s\u00e9curit\u00e9 avant que mon fils ne la d\u00e9couvre et que la [&hellip;]<\/p>\n","protected":false},"author":1,"featured_media":1165,"comment_status":"closed","ping_status":"closed","sticky":false,"template":"","format":"standard","meta":{"_acf_changed":false,"footnotes":""},"categories":[39],"tags":[],"indy-keyword":[97],"class_list":["post-1855","post","type-post","status-publish","format-standard","has-post-thumbnail","hentry","category-non-classifiee","indy-keyword-temps-mort"],"acf":[],"yoast_head":"<!-- This site is optimized with the Yoast SEO plugin v27.5 - https:\/\/yoast.com\/product\/yoast-seo-wordpress\/ -->\n<title>Du sable \u00e0 perte de vue - une pause mentale pour les parents c\u00e9libataires - SVAMV<\/title>\n<meta name=\"robots\" content=\"index, follow, max-snippet:-1, max-image-preview:large, max-video-preview:-1\" \/>\n<link rel=\"canonical\" href=\"https:\/\/svamv.ch\/fr\/du-sable-a-perte-de-vue-une-pause-mentale-pour-les-parents-celibataires\/\" \/>\n<meta property=\"og:locale\" content=\"fr_FR\" \/>\n<meta property=\"og:type\" content=\"article\" \/>\n<meta property=\"og:title\" content=\"Du sable \u00e0 perte de vue - une pause mentale pour les parents c\u00e9libataires - SVAMV\" \/>\n<meta property=\"og:description\" content=\"***Article invit\u00e9 de Laura Sch\u00e4fer Du sable \u00e0 perte de vue. C&rsquo;est sans doute ainsi que la petite coccinelle a per\u00e7u le monde lorsqu&rsquo;elle s&rsquo;est perdue dans le coquillage de sable d&rsquo;environ un m\u00e8tre de diam\u00e8tre de mon fils. Je l&rsquo;ai rapidement mise en s\u00e9curit\u00e9 avant que mon fils ne la d\u00e9couvre et que la [&hellip;]\" \/>\n<meta property=\"og:url\" content=\"https:\/\/svamv.ch\/fr\/du-sable-a-perte-de-vue-une-pause-mentale-pour-les-parents-celibataires\/\" \/>\n<meta property=\"og:site_name\" content=\"SVAMV\" \/>\n<meta property=\"article:published_time\" content=\"2020-07-27T14:23:57+00:00\" \/>\n<meta property=\"article:modified_time\" content=\"2024-12-19T08:09:43+00:00\" \/>\n<meta property=\"og:image\" content=\"https:\/\/svamv.ch\/wp-content\/uploads\/2024\/07\/tsunami-green-VpuQh755zD8-unsplash-scaled.jpg\" \/>\n\t<meta property=\"og:image:width\" content=\"2560\" \/>\n\t<meta property=\"og:image:height\" content=\"1707\" \/>\n\t<meta property=\"og:image:type\" content=\"image\/jpeg\" \/>\n<meta name=\"author\" content=\"admin\" \/>\n<meta name=\"twitter:card\" content=\"summary_large_image\" \/>\n<meta name=\"twitter:label1\" content=\"\u00c9crit par\" \/>\n\t<meta name=\"twitter:data1\" content=\"admin\" \/>\n\t<meta name=\"twitter:label2\" content=\"Dur\u00e9e de lecture estim\u00e9e\" \/>\n\t<meta name=\"twitter:data2\" content=\"11 minutes\" \/>\n<script type=\"application\/ld+json\" class=\"yoast-schema-graph\">{\"@context\":\"https:\\\/\\\/schema.org\",\"@graph\":[{\"@type\":\"Article\",\"@id\":\"https:\\\/\\\/svamv.ch\\\/fr\\\/du-sable-a-perte-de-vue-une-pause-mentale-pour-les-parents-celibataires\\\/#article\",\"isPartOf\":{\"@id\":\"https:\\\/\\\/svamv.ch\\\/fr\\\/du-sable-a-perte-de-vue-une-pause-mentale-pour-les-parents-celibataires\\\/\"},\"author\":{\"name\":\"admin\",\"@id\":\"https:\\\/\\\/svamv.ch\\\/fr\\\/#\\\/schema\\\/person\\\/caba2b635761621043a046bc4bb95f93\"},\"headline\":\"Du sable \u00e0 perte de vue &#8211; une pause mentale pour les parents c\u00e9libataires\",\"datePublished\":\"2020-07-27T14:23:57+00:00\",\"dateModified\":\"2024-12-19T08:09:43+00:00\",\"mainEntityOfPage\":{\"@id\":\"https:\\\/\\\/svamv.ch\\\/fr\\\/du-sable-a-perte-de-vue-une-pause-mentale-pour-les-parents-celibataires\\\/\"},\"wordCount\":2377,\"image\":{\"@id\":\"https:\\\/\\\/svamv.ch\\\/fr\\\/du-sable-a-perte-de-vue-une-pause-mentale-pour-les-parents-celibataires\\\/#primaryimage\"},\"thumbnailUrl\":\"https:\\\/\\\/svamv.ch\\\/wp-content\\\/uploads\\\/2024\\\/07\\\/tsunami-green-VpuQh755zD8-unsplash-scaled.jpg\",\"articleSection\":[\"Non classifi\u00e9(e)\"],\"inLanguage\":\"fr-FR\"},{\"@type\":\"WebPage\",\"@id\":\"https:\\\/\\\/svamv.ch\\\/fr\\\/du-sable-a-perte-de-vue-une-pause-mentale-pour-les-parents-celibataires\\\/\",\"url\":\"https:\\\/\\\/svamv.ch\\\/fr\\\/du-sable-a-perte-de-vue-une-pause-mentale-pour-les-parents-celibataires\\\/\",\"name\":\"Du sable \u00e0 perte de vue - une pause mentale pour les parents c\u00e9libataires - SVAMV\",\"isPartOf\":{\"@id\":\"https:\\\/\\\/svamv.ch\\\/fr\\\/#website\"},\"primaryImageOfPage\":{\"@id\":\"https:\\\/\\\/svamv.ch\\\/fr\\\/du-sable-a-perte-de-vue-une-pause-mentale-pour-les-parents-celibataires\\\/#primaryimage\"},\"image\":{\"@id\":\"https:\\\/\\\/svamv.ch\\\/fr\\\/du-sable-a-perte-de-vue-une-pause-mentale-pour-les-parents-celibataires\\\/#primaryimage\"},\"thumbnailUrl\":\"https:\\\/\\\/svamv.ch\\\/wp-content\\\/uploads\\\/2024\\\/07\\\/tsunami-green-VpuQh755zD8-unsplash-scaled.jpg\",\"datePublished\":\"2020-07-27T14:23:57+00:00\",\"dateModified\":\"2024-12-19T08:09:43+00:00\",\"author\":{\"@id\":\"https:\\\/\\\/svamv.ch\\\/fr\\\/#\\\/schema\\\/person\\\/caba2b635761621043a046bc4bb95f93\"},\"breadcrumb\":{\"@id\":\"https:\\\/\\\/svamv.ch\\\/fr\\\/du-sable-a-perte-de-vue-une-pause-mentale-pour-les-parents-celibataires\\\/#breadcrumb\"},\"inLanguage\":\"fr-FR\",\"potentialAction\":[{\"@type\":\"ReadAction\",\"target\":[\"https:\\\/\\\/svamv.ch\\\/fr\\\/du-sable-a-perte-de-vue-une-pause-mentale-pour-les-parents-celibataires\\\/\"]}]},{\"@type\":\"ImageObject\",\"inLanguage\":\"fr-FR\",\"@id\":\"https:\\\/\\\/svamv.ch\\\/fr\\\/du-sable-a-perte-de-vue-une-pause-mentale-pour-les-parents-celibataires\\\/#primaryimage\",\"url\":\"https:\\\/\\\/svamv.ch\\\/wp-content\\\/uploads\\\/2024\\\/07\\\/tsunami-green-VpuQh755zD8-unsplash-scaled.jpg\",\"contentUrl\":\"https:\\\/\\\/svamv.ch\\\/wp-content\\\/uploads\\\/2024\\\/07\\\/tsunami-green-VpuQh755zD8-unsplash-scaled.jpg\",\"width\":2560,\"height\":1707},{\"@type\":\"BreadcrumbList\",\"@id\":\"https:\\\/\\\/svamv.ch\\\/fr\\\/du-sable-a-perte-de-vue-une-pause-mentale-pour-les-parents-celibataires\\\/#breadcrumb\",\"itemListElement\":[{\"@type\":\"ListItem\",\"position\":1,\"name\":\"Startseite\",\"item\":\"https:\\\/\\\/svamv.ch\\\/fr\\\/\"},{\"@type\":\"ListItem\",\"position\":2,\"name\":\"Du sable \u00e0 perte de vue &#8211; une pause mentale pour les parents c\u00e9libataires\"}]},{\"@type\":\"WebSite\",\"@id\":\"https:\\\/\\\/svamv.ch\\\/fr\\\/#website\",\"url\":\"https:\\\/\\\/svamv.ch\\\/fr\\\/\",\"name\":\"SVAMV\",\"description\":\"Allein erziehen einfacher gemacht\",\"potentialAction\":[{\"@type\":\"SearchAction\",\"target\":{\"@type\":\"EntryPoint\",\"urlTemplate\":\"https:\\\/\\\/svamv.ch\\\/fr\\\/?s={search_term_string}\"},\"query-input\":{\"@type\":\"PropertyValueSpecification\",\"valueRequired\":true,\"valueName\":\"search_term_string\"}}],\"inLanguage\":\"fr-FR\"},{\"@type\":\"Person\",\"@id\":\"https:\\\/\\\/svamv.ch\\\/fr\\\/#\\\/schema\\\/person\\\/caba2b635761621043a046bc4bb95f93\",\"name\":\"admin\",\"image\":{\"@type\":\"ImageObject\",\"inLanguage\":\"fr-FR\",\"@id\":\"https:\\\/\\\/secure.gravatar.com\\\/avatar\\\/3d3f2fcb093e9c2d13668a154a0a0f6cd486b88af630485da5e7873949764c3a?s=96&d=mm&r=g\",\"url\":\"https:\\\/\\\/secure.gravatar.com\\\/avatar\\\/3d3f2fcb093e9c2d13668a154a0a0f6cd486b88af630485da5e7873949764c3a?s=96&d=mm&r=g\",\"contentUrl\":\"https:\\\/\\\/secure.gravatar.com\\\/avatar\\\/3d3f2fcb093e9c2d13668a154a0a0f6cd486b88af630485da5e7873949764c3a?s=96&d=mm&r=g\",\"caption\":\"admin\"},\"sameAs\":[\"https:\\\/\\\/svamv.ch\"],\"url\":\"https:\\\/\\\/svamv.ch\\\/fr\\\/author\\\/admin\\\/\"}]}<\/script>\n<!-- \/ Yoast SEO plugin. -->","yoast_head_json":{"title":"Du sable \u00e0 perte de vue - une pause mentale pour les parents c\u00e9libataires - SVAMV","robots":{"index":"index","follow":"follow","max-snippet":"max-snippet:-1","max-image-preview":"max-image-preview:large","max-video-preview":"max-video-preview:-1"},"canonical":"https:\/\/svamv.ch\/fr\/du-sable-a-perte-de-vue-une-pause-mentale-pour-les-parents-celibataires\/","og_locale":"fr_FR","og_type":"article","og_title":"Du sable \u00e0 perte de vue - une pause mentale pour les parents c\u00e9libataires - SVAMV","og_description":"***Article invit\u00e9 de Laura Sch\u00e4fer Du sable \u00e0 perte de vue. C&rsquo;est sans doute ainsi que la petite coccinelle a per\u00e7u le monde lorsqu&rsquo;elle s&rsquo;est perdue dans le coquillage de sable d&rsquo;environ un m\u00e8tre de diam\u00e8tre de mon fils. Je l&rsquo;ai rapidement mise en s\u00e9curit\u00e9 avant que mon fils ne la d\u00e9couvre et que la [&hellip;]","og_url":"https:\/\/svamv.ch\/fr\/du-sable-a-perte-de-vue-une-pause-mentale-pour-les-parents-celibataires\/","og_site_name":"SVAMV","article_published_time":"2020-07-27T14:23:57+00:00","article_modified_time":"2024-12-19T08:09:43+00:00","og_image":[{"width":2560,"height":1707,"url":"https:\/\/svamv.ch\/wp-content\/uploads\/2024\/07\/tsunami-green-VpuQh755zD8-unsplash-scaled.jpg","type":"image\/jpeg"}],"author":"admin","twitter_card":"summary_large_image","twitter_misc":{"\u00c9crit par":"admin","Dur\u00e9e de lecture estim\u00e9e":"11 minutes"},"schema":{"@context":"https:\/\/schema.org","@graph":[{"@type":"Article","@id":"https:\/\/svamv.ch\/fr\/du-sable-a-perte-de-vue-une-pause-mentale-pour-les-parents-celibataires\/#article","isPartOf":{"@id":"https:\/\/svamv.ch\/fr\/du-sable-a-perte-de-vue-une-pause-mentale-pour-les-parents-celibataires\/"},"author":{"name":"admin","@id":"https:\/\/svamv.ch\/fr\/#\/schema\/person\/caba2b635761621043a046bc4bb95f93"},"headline":"Du sable \u00e0 perte de vue &#8211; une pause mentale pour les parents c\u00e9libataires","datePublished":"2020-07-27T14:23:57+00:00","dateModified":"2024-12-19T08:09:43+00:00","mainEntityOfPage":{"@id":"https:\/\/svamv.ch\/fr\/du-sable-a-perte-de-vue-une-pause-mentale-pour-les-parents-celibataires\/"},"wordCount":2377,"image":{"@id":"https:\/\/svamv.ch\/fr\/du-sable-a-perte-de-vue-une-pause-mentale-pour-les-parents-celibataires\/#primaryimage"},"thumbnailUrl":"https:\/\/svamv.ch\/wp-content\/uploads\/2024\/07\/tsunami-green-VpuQh755zD8-unsplash-scaled.jpg","articleSection":["Non classifi\u00e9(e)"],"inLanguage":"fr-FR"},{"@type":"WebPage","@id":"https:\/\/svamv.ch\/fr\/du-sable-a-perte-de-vue-une-pause-mentale-pour-les-parents-celibataires\/","url":"https:\/\/svamv.ch\/fr\/du-sable-a-perte-de-vue-une-pause-mentale-pour-les-parents-celibataires\/","name":"Du sable \u00e0 perte de vue - une pause mentale pour les parents c\u00e9libataires - SVAMV","isPartOf":{"@id":"https:\/\/svamv.ch\/fr\/#website"},"primaryImageOfPage":{"@id":"https:\/\/svamv.ch\/fr\/du-sable-a-perte-de-vue-une-pause-mentale-pour-les-parents-celibataires\/#primaryimage"},"image":{"@id":"https:\/\/svamv.ch\/fr\/du-sable-a-perte-de-vue-une-pause-mentale-pour-les-parents-celibataires\/#primaryimage"},"thumbnailUrl":"https:\/\/svamv.ch\/wp-content\/uploads\/2024\/07\/tsunami-green-VpuQh755zD8-unsplash-scaled.jpg","datePublished":"2020-07-27T14:23:57+00:00","dateModified":"2024-12-19T08:09:43+00:00","author":{"@id":"https:\/\/svamv.ch\/fr\/#\/schema\/person\/caba2b635761621043a046bc4bb95f93"},"breadcrumb":{"@id":"https:\/\/svamv.ch\/fr\/du-sable-a-perte-de-vue-une-pause-mentale-pour-les-parents-celibataires\/#breadcrumb"},"inLanguage":"fr-FR","potentialAction":[{"@type":"ReadAction","target":["https:\/\/svamv.ch\/fr\/du-sable-a-perte-de-vue-une-pause-mentale-pour-les-parents-celibataires\/"]}]},{"@type":"ImageObject","inLanguage":"fr-FR","@id":"https:\/\/svamv.ch\/fr\/du-sable-a-perte-de-vue-une-pause-mentale-pour-les-parents-celibataires\/#primaryimage","url":"https:\/\/svamv.ch\/wp-content\/uploads\/2024\/07\/tsunami-green-VpuQh755zD8-unsplash-scaled.jpg","contentUrl":"https:\/\/svamv.ch\/wp-content\/uploads\/2024\/07\/tsunami-green-VpuQh755zD8-unsplash-scaled.jpg","width":2560,"height":1707},{"@type":"BreadcrumbList","@id":"https:\/\/svamv.ch\/fr\/du-sable-a-perte-de-vue-une-pause-mentale-pour-les-parents-celibataires\/#breadcrumb","itemListElement":[{"@type":"ListItem","position":1,"name":"Startseite","item":"https:\/\/svamv.ch\/fr\/"},{"@type":"ListItem","position":2,"name":"Du sable \u00e0 perte de vue &#8211; une pause mentale pour les parents c\u00e9libataires"}]},{"@type":"WebSite","@id":"https:\/\/svamv.ch\/fr\/#website","url":"https:\/\/svamv.ch\/fr\/","name":"SVAMV","description":"Allein erziehen einfacher gemacht","potentialAction":[{"@type":"SearchAction","target":{"@type":"EntryPoint","urlTemplate":"https:\/\/svamv.ch\/fr\/?s={search_term_string}"},"query-input":{"@type":"PropertyValueSpecification","valueRequired":true,"valueName":"search_term_string"}}],"inLanguage":"fr-FR"},{"@type":"Person","@id":"https:\/\/svamv.ch\/fr\/#\/schema\/person\/caba2b635761621043a046bc4bb95f93","name":"admin","image":{"@type":"ImageObject","inLanguage":"fr-FR","@id":"https:\/\/secure.gravatar.com\/avatar\/3d3f2fcb093e9c2d13668a154a0a0f6cd486b88af630485da5e7873949764c3a?s=96&d=mm&r=g","url":"https:\/\/secure.gravatar.com\/avatar\/3d3f2fcb093e9c2d13668a154a0a0f6cd486b88af630485da5e7873949764c3a?s=96&d=mm&r=g","contentUrl":"https:\/\/secure.gravatar.com\/avatar\/3d3f2fcb093e9c2d13668a154a0a0f6cd486b88af630485da5e7873949764c3a?s=96&d=mm&r=g","caption":"admin"},"sameAs":["https:\/\/svamv.ch"],"url":"https:\/\/svamv.ch\/fr\/author\/admin\/"}]}},"_links":{"self":[{"href":"https:\/\/svamv.ch\/fr\/wp-json\/wp\/v2\/posts\/1855","targetHints":{"allow":["GET"]}}],"collection":[{"href":"https:\/\/svamv.ch\/fr\/wp-json\/wp\/v2\/posts"}],"about":[{"href":"https:\/\/svamv.ch\/fr\/wp-json\/wp\/v2\/types\/post"}],"author":[{"embeddable":true,"href":"https:\/\/svamv.ch\/fr\/wp-json\/wp\/v2\/users\/1"}],"replies":[{"embeddable":true,"href":"https:\/\/svamv.ch\/fr\/wp-json\/wp\/v2\/comments?post=1855"}],"version-history":[{"count":1,"href":"https:\/\/svamv.ch\/fr\/wp-json\/wp\/v2\/posts\/1855\/revisions"}],"predecessor-version":[{"id":1857,"href":"https:\/\/svamv.ch\/fr\/wp-json\/wp\/v2\/posts\/1855\/revisions\/1857"}],"wp:featuredmedia":[{"embeddable":true,"href":"https:\/\/svamv.ch\/fr\/wp-json\/wp\/v2\/media\/1165"}],"wp:attachment":[{"href":"https:\/\/svamv.ch\/fr\/wp-json\/wp\/v2\/media?parent=1855"}],"wp:term":[{"taxonomy":"category","embeddable":true,"href":"https:\/\/svamv.ch\/fr\/wp-json\/wp\/v2\/categories?post=1855"},{"taxonomy":"post_tag","embeddable":true,"href":"https:\/\/svamv.ch\/fr\/wp-json\/wp\/v2\/tags?post=1855"},{"taxonomy":"indy-keyword","embeddable":true,"href":"https:\/\/svamv.ch\/fr\/wp-json\/wp\/v2\/indy-keyword?post=1855"}],"curies":[{"name":"wp","href":"https:\/\/api.w.org\/{rel}","templated":true}]}}