{"id":1851,"date":"2020-07-27T16:23:57","date_gmt":"2020-07-27T14:23:57","guid":{"rendered":"https:\/\/svamv.site-preview.ch\/sabbia-a-perdita-docchio-una-pausa-mentale-da-genitore-single\/"},"modified":"2024-12-19T09:09:43","modified_gmt":"2024-12-19T08:09:43","slug":"sabbia-a-perdita-docchio-una-pausa-mentale-da-genitore-single","status":"publish","type":"post","link":"https:\/\/svamv.ch\/it\/sabbia-a-perdita-docchio-una-pausa-mentale-da-genitore-single\/","title":{"rendered":"Sabbia a perdita d&#8217;occhio: una pausa mentale da genitore single"},"content":{"rendered":"\n<p class=\"has-text-align-right p1\"><em><span class=\"s1\">***Articolo ospite di Laura Sch\u00e4fer<\/span><\/em><\/p>\n\n<p class=\"p1\"><span class=\"s1\"><strong>Sabbia a perdita d&#8217;occhio.<\/strong>  O almeno \u00e8 cos\u00ec che la piccola coccinella ha percepito il mondo quando si \u00e8 persa nella conchiglia di sabbia di mio figlio, che aveva un diametro di circa un metro. L&#8217;ho portata rapidamente al sicuro prima che mio figlio la scoprisse e il piccolo insetto ha dovuto lottare per la sua vita. Senza rendersene conto, mio figlio, che ha appena un anno e mezzo, \u00e8 un pericolo enorme per questo piccolo insetto. Probabilmente dovrei mettere un cartello davanti alla conchiglia con scritto &#8220;Attenzione, pericolo di vita&#8221;!   <\/span><\/p>\n\n<figure class=\"wp-block-image\"><img decoding=\"async\" src=\"https:\/\/svamv.ch\/wp-content\/uploads\/2024\/07\/dominik-scythe-5q5CAz_bOAg-unsplash-scaled.jpg\" alt=\"\" class=\"wp-image-7936\"\/><\/figure>\n\n<p class=\"p1\"><span class=\"s1\">Dopo che l&#8217;insetto era al sicuro e la sabbia bianca a grana fine mi scivolava tra le dita mentre mio figlio giocava in pace, ho ripensato alla nostra ultima vacanza.  <\/span><span class=\"s1\">Grazie ai nostri amici senza figli, che si sono sempre presi cura di mio figlio con grande piacere, durante questa vacanza sono riuscita a staccare dalla mia vita quotidiana di genitore single con un bambino.  <strong>E cos\u00ec la parola &#8220;vacanza&#8221; era davvero la parola giusta per questi giorni al mare.<\/strong>  Ma purtroppo l&#8217;inizio \u00e8 stato tutt&#8217;altro che rilassato:<\/span><\/p>\n\n<p class=\"p1\"><span class=\"s1\">Completamente infreddolita, ma piena di aspettative per la vacanza, mi sono recata all&#8217;aeroporto a mezzogiorno per fare il check-in dei bagagli in modo da poter prendere l&#8217;aereo all&#8217;alba del giorno successivo con mio figlio nel marsupio (all&#8217;epoca aveva circa 7 mesi). Fin qui tutto ben organizzato da parte mia.   <strong>Purtroppo le cose sono andate diversamente.<\/strong><\/span><\/p>\n\n<figure class=\"wp-block-image\"><img decoding=\"async\" src=\"https:\/\/svamv.ch\/wp-content\/uploads\/2024\/07\/barbara-maier-zp4q3mOSyBA-unsplash-scaled.jpg\" alt=\"\" class=\"wp-image-7924\"\/><\/figure>\n\n<p class=\"p1\"><span class=\"s1\">Avevo posizionato perfettamente la mia auto nel parcheggio dell&#8217;aeroporto di Zurigo in modo da poter raggiungere il banco del check-in con le nostre due valigie in pochi passi.  <\/span><span class=\"s1\">Quando sono arrivato al banco, nella mia mente il check-in era gi\u00e0 completo.  <strong>Nella mia testa ero gi\u00e0 a casa a preparare il bagaglio a mano.<\/strong><\/span><\/p>\n\n<p class=\"p1\"><span class=\"s1\">Ma all&#8217;improvviso sono stato riportato al presente dalle parole dell&#8217;annoiata impiegata: <strong>&#8220;Il<\/strong> suo documento d&#8217;identit\u00e0 non \u00e8 pi\u00f9 valido per sei mesi dopo la data di partenza <strong>&#8220;<\/strong>.<\/span><span class=\"s2\"><strong>Il suo documento d&#8217;identit\u00e0 non \u00e8 pi\u00f9 valido per sei mesi dopo la data di partenza&#8221;.<\/strong> <\/span> <span class=\"s1\">Con questa frase ha avuto tutta la mia attenzione! Ma non \u00e8 servito a nulla: un colpo di fortuna \u00e8 un colpo di fortuna.   <\/span><\/p>\n\n<p class=\"p1\"><span class=\"s1\">Nelle ore successive ho cercato ostinatamente di trovare delle soluzioni: <strong>Ma dove potevo trovare un passaporto d&#8217;emergenza in fretta e furia?<\/strong> Se fossi stato svizzero, nessun problema, ma sono tedesco e qui le cose si complicano.  <\/span><span class=\"s1\">E anche se fossi riuscito a procurarmi un passaporto d&#8217;emergenza, sarebbe stato comunque discutibile se sarebbe stato accettato all&#8217;arrivo nella destinazione &#8220;Egitto&#8221;. Questo \u00e8 stato il consiglio motivante dell&#8217;impiegato del check-in. <\/span><\/p>\n\n<figure class=\"wp-block-image\"><img decoding=\"async\" src=\"https:\/\/svamv.ch\/wp-content\/uploads\/2024\/07\/samantha-hartley-ubt6OzW2KBg-unsplash-scaled.jpg\" alt=\"\" class=\"wp-image-7933\"\/><\/figure>\n\n<p class=\"p1\"><span class=\"s1\">Ho messo in atto un approccio duplice per trovare una soluzione. Sono riuscita a trarre vantaggio dalle competenze acquisite di recente come mamma single, <strong>rimanendo flessibile e gestendo tutto allo stesso tempo.<\/strong> <\/span><\/p>\n\n<p class=\"p1\"><span class=\"s1\">In questo caso, si trattava di andare di persona in varie stazioni dell&#8217;aeroporto per trovare una persona di riferimento che si sentisse responsabile per me al fine di riprenotare il volo. Si potrebbe pensare che sia una cosa semplice.   <strong>Ma non era questo il caso.<\/strong>  In secondo luogo, ho cercato di trovare una soluzione alla mia situazione, che inizialmente sembrava senza via d&#8217;uscita, parlando al telefono con la Guardia Federale di Frontiera, con vari comuni tedeschi, con il consolato di Zurigo e infine con l&#8217;ambasciata di Berna.  <\/span><\/p>\n\n<p class=\"p1\"><span class=\"s1\">E s\u00ec, durante le mie corse in aeroporto, ho sempre le mie due valigie al mio fianco. Con il cellulare all&#8217;orecchio \u00e8 una vera sfida.   <\/span><strong><span class=\"s1\">La sera ho avuto la certezza: dovevo rifare la prenotazione per il volo successivo tra due giorni e richiedere un documento d&#8217;identit\u00e0 espresso all&#8217;ambasciata di Berna.  <\/span><\/strong><\/p>\n\n<figure class=\"wp-block-image\"><img decoding=\"async\" src=\"https:\/\/svamv.ch\/wp-content\/uploads\/2024\/07\/xavier-mouton-photographie-ry_sD0P1ZL0-unsplash-scaled.jpg\" alt=\"\" class=\"wp-image-7921\"\/><\/figure>\n\n<p class=\"p1\"><span class=\"s1\">Come si \u00e8 scoperto in serata,<span class=\"Apple-converted-space\"> <\/span>Non avrei potuto volare in ogni caso perch\u00e9 la mia salute era peggiorata cos\u00ec tanto durante il giorno che non mi sarebbe stato permesso di volare a causa dell&#8217;infezione all&#8217;orecchio. Questo \u00e8 ci\u00f2 che ha detto il medico d&#8217;emergenza consultato al telefono.   <strong>\u00c8 realistico che la salute delle mie orecchie possa migliorare in modo significativo in soli 2 giorni?<\/strong>  Questo era scritto nelle stelle.  <\/span><\/p>\n\n<p class=\"p1\"><span class=\"s1\">Fortunatamente avevo un supporto nervoso e competente da parte degli amici. Altrimenti probabilmente mi sarei arresa e avrei semplicemente accettato il fallimento. Perch\u00e9 accettare le cose che non si possono pi\u00f9 cambiare era diventata anche la mia disciplina preferita negli ultimi mesi da genitore single.    <strong>Mi sono reso conto che in qualche modo va sempre avanti e che comunque non c&#8217;\u00e8 tempo per essere tristi a lungo, perch\u00e9 mio figlio ha molti desideri tutto il giorno e anche di notte, che mi \u00e8 permesso di esaudire ogni giorno come suo &#8220;schiavo&#8221; personale.<\/strong><\/span><\/p>\n\n<figure class=\"wp-block-image\"><img decoding=\"async\" src=\"https:\/\/svamv.ch\/wp-content\/uploads\/2024\/07\/sharon-mccutcheon-5BRIjMTKFkU-unsplash-scaled.jpg\" alt=\"\" class=\"wp-image-7967\"\/><\/figure>\n\n<p class=\"p1\"><span class=\"s1\">La mattina dopo alle 5 ero gi\u00e0 in viaggio verso Berna, dopo aver passato met\u00e0 della notte a cercare i numerosi documenti che mi sarebbero serviti per richiedere il passaporto d&#8217;emergenza. <strong>Almeno quando non stavo cullando mio figlio per farlo addormentare.<\/strong> Ma chiss\u00e0 dove mai \u00e8 stato archiviato il certificato di cancellazione dalla prima residenza tedesca circa 15 anni fa e perch\u00e9 mi serve per richiedere un passaporto d&#8217;emergenza? Ed \u00e8 qui che entra in gioco il concetto di accettazione: non fare domande, cercale e basta (\u00e8 cos\u00ec che mi sono incoraggiata). <\/span><\/p>\n\n<p class=\"p1\"><span class=\"s1\">Vuoi sapere cosa stavo facendo con mio figlio quella mattina presto? S\u00ec, lo stavo facendo abilmente passare da un amico all&#8217;altro.   <strong>Il che mi ha fatto sentire la peggiore mamma del mondo.  <\/strong><\/span><span class=\"s1\"><span class=\"Apple-converted-space\"> <\/span><span class=\"Apple-converted-space\">  <\/span>Soprattutto perch\u00e9 ora avevo tempo per pensare. Dopotutto, mi aspettava un lungo viaggio in auto, poich\u00e9 dovevo guidare da Zurigo all&#8217;ambasciata di Berna.<\/span><\/p>\n\n<figure class=\"wp-block-image\"><img decoding=\"async\" src=\"https:\/\/svamv.ch\/wp-content\/uploads\/2024\/07\/alvaro-reyes-H7PlzFI0ih8-unsplash-scaled.jpg\" alt=\"\" class=\"wp-image-7970\"\/><\/figure>\n\n<p class=\"p1\"><span class=\"s1\"><strong>Ne \u00e8 valsa la pena, mi sono chiesto nel frattempo?<\/strong>  S\u00ec, mi sarebbe piaciuto valutare la cosa con il mio partner in quel momento.  <strong>Anche se ho affrontato bene l&#8217;essere un genitore single fin dall&#8217;inizio, ho sempre rimproverato il padre di mio figlio in particolare in questi momenti difficili.<\/strong>  In quel momento, il poveretto non poteva fare nulla per evitare la situazione, ma sono queste situazioni che fanno emergere la mia frustrazione interiore. Un po&#8217; come un&#8217;eruzione vulcanica. Non appena finisce, dopo la completa distruzione iniziale, il terreno fertile cresce di nuovo. Ci vuole solo del tempo e non si sa mai quando erutter\u00e0 di nuovo.   <\/span><\/p>\n\n<p class=\"p1\"><span class=\"s1\">Dovrebbe esserci un &#8220;lieto fine&#8221;? Per me e mio padre non c&#8217;\u00e8 stato. <span class=\"Apple-converted-space\"> <\/span>Fu proprio una situazione in questo aeroporto a giocare un ruolo chiave nella rottura del nostro rapporto, la resa dei conti di quella che era di per s\u00e9 un&#8217;avventura cinematografica. Infatti, fu anche il momento in cui lo vidi per l&#8217;ultima volta.   <\/span><span class=\"s1\">Una volta un amico di famiglia mi ha detto che trovava molto eccitanti le scene che si svolgono negli aeroporti di tutto il mondo.  <strong>Qui le persone si abbracciano, ma si salutano anche emotivamente.<\/strong><\/span><\/p>\n\n<figure class=\"wp-block-image\"><img decoding=\"async\" src=\"https:\/\/svamv.ch\/wp-content\/uploads\/2024\/07\/rostyslav-savchyn-ekBNBaVGqsA-unsplash-scaled.jpg\" alt=\"\" class=\"wp-image-7973\"\/><\/figure>\n\n<p class=\"p1\"><span class=\"s1\">Lo sai anche tu? Luoghi in cui ti sembra di non riuscire a respirare perch\u00e9 li associ al tuo ex partner? Beh, l&#8217;aeroporto \u00e8 uno di quei posti per me. E la mia amica di famiglia di tanti anni aveva ragione. Negli aeroporti si possono provare emozioni intense di ogni tipo, come amore, tristezza e gioia.      <\/span><span class=\"s1\">Le mie emozioni erano caratterizzate da determinazione e forza di volont\u00e0.  <\/span><span class=\"s2\"><strong>Volevo questa vacanza, avevo bisogno di questa vacanza!<\/strong> <\/span><span class=\"s1\">Ma<span class=\"Apple-converted-space\">  <\/span>A questo punto, non era assolutamente chiaro se sarei riuscito a organizzare il mio passaporto d&#8217;emergenza nel tempo a mia disposizione. Forse ci sarebbe stato almeno un &#8220;lieto fine&#8221; in questo senso.   <\/span><\/p>\n\n<p class=\"p1\"><span class=\"s1\">Nel mezzo, un altro sentimento continuava ad affiorare: La rabbia. Rabbia verso me stesso. Come ho potuto commettere un errore cos\u00ec grossolano? Io che avevo gi\u00e0 viaggiato per mezzo mondo? Ma s\u00ec, sarebbe potuto succedere a chiunque, disse l&#8217;angelo sulla mia spalla sinistra, rassicurando il diavolo alla mia destra.      <strong>Chiunque sia stato sottoposto a una pressione cos\u00ec forte e costante come genitore single con un bambino. Senza una famiglia vicina e senza nemmeno un centesimo di alimenti. <\/strong><\/span><\/p>\n\n<figure class=\"wp-block-image\"><img decoding=\"async\" src=\"https:\/\/svamv.ch\/wp-content\/uploads\/2024\/07\/kyle-broad-P9rQn2qcEV0-unsplash-scaled.jpg\" alt=\"\" class=\"wp-image-7976\"\/><\/figure>\n\n<p class=\"p1\"><span class=\"s1\">Una volta arrivato a Berna, dovevo completare una piccola maratona.<span class=\"Apple-converted-space\"> <\/span>Ho scattato le foto aggiornate per il passaporto, sono andato in banca a prendere i contanti, dato che l&#8217;ambasciata (di solito) accettava solo contanti. All&#8217;ambasciata mi sembrava di essere in Germania. Tutti quei funzionari dall&#8217;aria severa. Il funzionario che si \u00e8 occupato del mio caso mi ha spiegato che si trattava solo di un passaporto temporaneo. Avrei avuto bisogno di un appuntamento separato per richiederne uno nuovo.      <\/span><\/p>\n\n<p class=\"p1\"><span class=\"s1\"><strong>Raramente uso la carta della piet\u00e0 per i genitori single.<\/strong>  Ma volevo evitare a tutti i costi di tornare un altro giorno per fare domanda. Lei ha ribadito con veemenza il suo no e anche le mie circostanze non mi hanno aiutato.    <strong>Mi piacerebbe ricevere un piccolo ricciolo speciale di tanto in tanto. Semplicemente per sostenere i genitori single nella nostra societ\u00e0.   <\/strong><\/span><\/p>\n\n<p class=\"p1\"><span class=\"s1\">Fortunatamente sono riuscita a lasciare rapidamente l&#8217;ala di massima sicurezza e ho dovuto aspettare il mio passaporto d&#8217;emergenza. Mentre aspettavo con il naso all&#8217;ins\u00f9 davanti all&#8217;ambasciata il mio passaporto d&#8217;emergenza, che almeno avevo richiesto con successo, ho cercato di essere ottimista. Ma il diavolo ha colto questa rinnovata calma come un&#8217;opportunit\u00e0 per infastidirmi di nuovo.  <\/span><\/p>\n\n<figure class=\"wp-block-image\"><img decoding=\"async\" src=\"https:\/\/svamv.ch\/wp-content\/uploads\/2024\/07\/bethany-beck-82NHIKIvKNc-unsplash-scaled.jpg\" alt=\"\" class=\"wp-image-7979\"\/><\/figure>\n\n<p class=\"p1\"><span class=\"s1\">Forse si tratta di un segno? Dopotutto, il luogo in cui mi stavo recando era un posto in cui ero gi\u00e0 stata qualche volta con il mio ex compagno. In realt\u00e0 avevo evitato questo posto per molto tempo, ma ora era arrivato il momento di incontrare di nuovo i miei amici e di fare una nuova visita a questa oasi. Anche in questo caso il diavolo ci ha messo lo zampino: volevo questa vacanza, volevo sperimentare di nuovo il motto dell&#8217;hotel &#8220;tornare a casa&#8221;.     <strong>Cos\u00ec ho dovuto riempire il silenzio nella mia testa in un altro modo.<\/strong><\/span><\/p>\n\n<p class=\"p1\"><span class=\"s1\">La mia auto era perfettamente allineata con l&#8217;ingresso pesantemente sorvegliato dell&#8217;ambasciata da ore. Nell&#8217;attesa che la carta d&#8217;identit\u00e0 venisse finalmente stampata, ho immaginato di essere una spia e che il mio compito fosse quello di spiare gli &#8220;andirivieni&#8221; dell&#8217;ambasciata&#8230;   <\/span><strong><span class=\"s1\">Nel frattempo, per\u00f2, ho avuto la sensazione che l&#8217;ambasciata mi stesse osservando, perch\u00e9 le telecamere erano in qualche modo puntate su di me. O almeno questo \u00e8 ci\u00f2 che ho immaginato. <\/span><\/strong><\/p>\n\n<figure class=\"wp-block-image\"><img decoding=\"async\" src=\"https:\/\/svamv.ch\/wp-content\/uploads\/2024\/07\/rashid-khreiss-Jvs9atD1q0g-unsplash-scaled.jpg\" alt=\"\" class=\"wp-image-7982\"\/><\/figure>\n\n<p class=\"p1\"><span class=\"s1\">Presumibilmente si sono chiesti se questa donna in macchina rappresentasse un pericolo per la Repubblica Federale di Germania?  <\/span><span class=\"s1\">A quel punto mi sono fermato e ho abbandonato il sogno ad occhi aperti alla James Bond.  <\/span><span class=\"s1\">La bandiera dell&#8217;Unione Europea accanto alla casa mi ha dato molto da pensare finch\u00e9 non \u00e8 arrivato il momento.  <\/span><span class=\"s1\">Finalmente tutto \u00e8 andato di nuovo bene. Ho ottenuto il passaporto e sono riuscita a volare in Egitto il giorno successivo. Non appena sono stata accolta in hotel con <strong>&#8220;Bentornata a casa Laura&#8221;,<\/strong> ho capito che era la decisione giusta. Tra le braccia dei miei amici, sono riuscita finalmente a lasciarmi andare un po&#8217; e ne \u00e8 valsa la pena. Anche se questo significava solo altri 10 giorni di sole, sabbia e mare a causa del tempo di viaggio gi\u00e0 prolungato.    <\/span><\/p>\n\n<p class=\"p1\"><span class=\"s1\">Sono tornata alla realt\u00e0 da questo sogno ad occhi aperti con un sorriso e ho capito ancora una volta che non \u00e8 mai un buon segno se il bambino non emette alcun suono.  <strong>Ti diverti, ma sai benissimo che il bambino sta facendo qualcosa di sbagliato.<\/strong>  E cos\u00ec \u00e8 stato. La sabbia era ovunque, ovviamente al di fuori della conchiglia. E ci\u00f2 che non era fuori era finito dentro i vestiti di mio figlio. Questo significava   <span class=\"Apple-converted-space\">  <\/span>Andai nella vasca da bagno. Dove potei subito pensare di nuovo al mare impetuoso.   <\/span><span class=\"s1\">E grazie a mio figlio, potevo anche sentire le onde proprio nel bagno.<\/span><\/p>\n\n<figure class=\"wp-block-image\"><img decoding=\"async\" src=\"https:\/\/svamv.ch\/wp-content\/uploads\/2024\/07\/tsunami-green-VpuQh755zD8-unsplash-scaled.jpg\" alt=\"\" class=\"wp-image-7985\"\/><\/figure>\n\n<p class=\"p1\"><span class=\"s1\">Dal punto di vista finanziario, quest&#8217;anno non ci sono vacanze, a parte la situazione del coronavirus. Ma \u00e8 bello potersi prendere una piccola pausa mentale di tanto in tanto e andare in un luogo di tua scelta dalle vacanze che hai gi\u00e0 vissuto.   <\/span><strong><span class=\"s1\">E la cosa migliore \u00e8 che viaggiare con la mente non ci costa nulla, non ci impone di osservare regole di distanza sociale e fortunatamente non richiede un passaporto valido.<\/span><\/strong><\/p>\n\n<p><a href=\"https:\/\/svamv.ch\/svamv\/wir-ueber-uns\/kontakt\/\" target=\"_blank\" rel=\"noopener\">Hai domande o bisogno di assistenza? Non esitare a contattarci! <\/a><\/p>\n\n<p class=\"p3\"><span class=\"s2\">FSFM<br\/><br\/><br\/><br\/><br\/>Associazione svizzera delle madri e dei padri single Casella postale 334 3000 Berna 6 Tel 031 351 77 71<\/span><\/p>\n","protected":false},"excerpt":{"rendered":"<p>***Articolo ospite di Laura Sch\u00e4fer Sabbia a perdita d&#8217;occhio. O almeno \u00e8 cos\u00ec che la piccola coccinella ha percepito il mondo quando si \u00e8 persa nella conchiglia di sabbia di mio figlio, che aveva un diametro di circa un metro. L&#8217;ho portata rapidamente al sicuro prima che mio figlio la scoprisse e il piccolo insetto [&hellip;]<\/p>\n","protected":false},"author":1,"featured_media":1166,"comment_status":"closed","ping_status":"closed","sticky":false,"template":"","format":"standard","meta":{"_acf_changed":false,"footnotes":""},"categories":[40],"tags":[],"indy-keyword":[96],"class_list":["post-1851","post","type-post","status-publish","format-standard","has-post-thumbnail","hentry","category-non-categorizzato","indy-keyword-time-out"],"acf":[],"yoast_head":"<!-- This site is optimized with the Yoast SEO plugin v27.5 - https:\/\/yoast.com\/product\/yoast-seo-wordpress\/ -->\n<title>Sabbia a perdita d&#039;occhio: una pausa mentale da genitore single - SVAMV<\/title>\n<meta name=\"robots\" content=\"index, follow, max-snippet:-1, max-image-preview:large, max-video-preview:-1\" \/>\n<link rel=\"canonical\" href=\"https:\/\/svamv.ch\/it\/sabbia-a-perdita-docchio-una-pausa-mentale-da-genitore-single\/\" \/>\n<meta property=\"og:locale\" content=\"it_IT\" \/>\n<meta property=\"og:type\" content=\"article\" \/>\n<meta property=\"og:title\" content=\"Sabbia a perdita d&#039;occhio: una pausa mentale da genitore single - SVAMV\" \/>\n<meta property=\"og:description\" content=\"***Articolo ospite di Laura Sch\u00e4fer Sabbia a perdita d&#8217;occhio. O almeno \u00e8 cos\u00ec che la piccola coccinella ha percepito il mondo quando si \u00e8 persa nella conchiglia di sabbia di mio figlio, che aveva un diametro di circa un metro. L&#8217;ho portata rapidamente al sicuro prima che mio figlio la scoprisse e il piccolo insetto [&hellip;]\" \/>\n<meta property=\"og:url\" content=\"https:\/\/svamv.ch\/it\/sabbia-a-perdita-docchio-una-pausa-mentale-da-genitore-single\/\" \/>\n<meta property=\"og:site_name\" content=\"SVAMV\" \/>\n<meta property=\"article:published_time\" content=\"2020-07-27T14:23:57+00:00\" \/>\n<meta property=\"article:modified_time\" content=\"2024-12-19T08:09:43+00:00\" \/>\n<meta property=\"og:image\" content=\"https:\/\/svamv.ch\/wp-content\/uploads\/2024\/07\/tsunami-green-VpuQh755zD8-unsplash-scaled.jpg\" \/>\n\t<meta property=\"og:image:width\" content=\"2560\" \/>\n\t<meta property=\"og:image:height\" content=\"1707\" \/>\n\t<meta property=\"og:image:type\" content=\"image\/jpeg\" \/>\n<meta name=\"author\" content=\"admin\" \/>\n<meta name=\"twitter:card\" content=\"summary_large_image\" \/>\n<meta name=\"twitter:label1\" content=\"Scritto da\" \/>\n\t<meta name=\"twitter:data1\" content=\"admin\" \/>\n\t<meta name=\"twitter:label2\" content=\"Tempo di lettura stimato\" \/>\n\t<meta name=\"twitter:data2\" content=\"10 minuti\" \/>\n<script type=\"application\/ld+json\" class=\"yoast-schema-graph\">{\"@context\":\"https:\\\/\\\/schema.org\",\"@graph\":[{\"@type\":\"Article\",\"@id\":\"https:\\\/\\\/svamv.ch\\\/it\\\/sabbia-a-perdita-docchio-una-pausa-mentale-da-genitore-single\\\/#article\",\"isPartOf\":{\"@id\":\"https:\\\/\\\/svamv.ch\\\/it\\\/sabbia-a-perdita-docchio-una-pausa-mentale-da-genitore-single\\\/\"},\"author\":{\"name\":\"admin\",\"@id\":\"https:\\\/\\\/svamv.ch\\\/it\\\/#\\\/schema\\\/person\\\/caba2b635761621043a046bc4bb95f93\"},\"headline\":\"Sabbia a perdita d&#8217;occhio: una pausa mentale da genitore single\",\"datePublished\":\"2020-07-27T14:23:57+00:00\",\"dateModified\":\"2024-12-19T08:09:43+00:00\",\"mainEntityOfPage\":{\"@id\":\"https:\\\/\\\/svamv.ch\\\/it\\\/sabbia-a-perdita-docchio-una-pausa-mentale-da-genitore-single\\\/\"},\"wordCount\":2017,\"image\":{\"@id\":\"https:\\\/\\\/svamv.ch\\\/it\\\/sabbia-a-perdita-docchio-una-pausa-mentale-da-genitore-single\\\/#primaryimage\"},\"thumbnailUrl\":\"https:\\\/\\\/svamv.ch\\\/wp-content\\\/uploads\\\/2024\\\/07\\\/tsunami-green-VpuQh755zD8-unsplash-scaled.jpg\",\"articleSection\":[\"Non categorizzato\"],\"inLanguage\":\"it-IT\"},{\"@type\":\"WebPage\",\"@id\":\"https:\\\/\\\/svamv.ch\\\/it\\\/sabbia-a-perdita-docchio-una-pausa-mentale-da-genitore-single\\\/\",\"url\":\"https:\\\/\\\/svamv.ch\\\/it\\\/sabbia-a-perdita-docchio-una-pausa-mentale-da-genitore-single\\\/\",\"name\":\"Sabbia a perdita d'occhio: una pausa mentale da genitore single - SVAMV\",\"isPartOf\":{\"@id\":\"https:\\\/\\\/svamv.ch\\\/it\\\/#website\"},\"primaryImageOfPage\":{\"@id\":\"https:\\\/\\\/svamv.ch\\\/it\\\/sabbia-a-perdita-docchio-una-pausa-mentale-da-genitore-single\\\/#primaryimage\"},\"image\":{\"@id\":\"https:\\\/\\\/svamv.ch\\\/it\\\/sabbia-a-perdita-docchio-una-pausa-mentale-da-genitore-single\\\/#primaryimage\"},\"thumbnailUrl\":\"https:\\\/\\\/svamv.ch\\\/wp-content\\\/uploads\\\/2024\\\/07\\\/tsunami-green-VpuQh755zD8-unsplash-scaled.jpg\",\"datePublished\":\"2020-07-27T14:23:57+00:00\",\"dateModified\":\"2024-12-19T08:09:43+00:00\",\"author\":{\"@id\":\"https:\\\/\\\/svamv.ch\\\/it\\\/#\\\/schema\\\/person\\\/caba2b635761621043a046bc4bb95f93\"},\"breadcrumb\":{\"@id\":\"https:\\\/\\\/svamv.ch\\\/it\\\/sabbia-a-perdita-docchio-una-pausa-mentale-da-genitore-single\\\/#breadcrumb\"},\"inLanguage\":\"it-IT\",\"potentialAction\":[{\"@type\":\"ReadAction\",\"target\":[\"https:\\\/\\\/svamv.ch\\\/it\\\/sabbia-a-perdita-docchio-una-pausa-mentale-da-genitore-single\\\/\"]}]},{\"@type\":\"ImageObject\",\"inLanguage\":\"it-IT\",\"@id\":\"https:\\\/\\\/svamv.ch\\\/it\\\/sabbia-a-perdita-docchio-una-pausa-mentale-da-genitore-single\\\/#primaryimage\",\"url\":\"https:\\\/\\\/svamv.ch\\\/wp-content\\\/uploads\\\/2024\\\/07\\\/tsunami-green-VpuQh755zD8-unsplash-scaled.jpg\",\"contentUrl\":\"https:\\\/\\\/svamv.ch\\\/wp-content\\\/uploads\\\/2024\\\/07\\\/tsunami-green-VpuQh755zD8-unsplash-scaled.jpg\",\"width\":2560,\"height\":1707},{\"@type\":\"BreadcrumbList\",\"@id\":\"https:\\\/\\\/svamv.ch\\\/it\\\/sabbia-a-perdita-docchio-una-pausa-mentale-da-genitore-single\\\/#breadcrumb\",\"itemListElement\":[{\"@type\":\"ListItem\",\"position\":1,\"name\":\"Startseite\",\"item\":\"https:\\\/\\\/svamv.ch\\\/it\\\/\"},{\"@type\":\"ListItem\",\"position\":2,\"name\":\"Sabbia a perdita d&#8217;occhio: una pausa mentale da genitore single\"}]},{\"@type\":\"WebSite\",\"@id\":\"https:\\\/\\\/svamv.ch\\\/it\\\/#website\",\"url\":\"https:\\\/\\\/svamv.ch\\\/it\\\/\",\"name\":\"SVAMV\",\"description\":\"Allein erziehen einfacher gemacht\",\"potentialAction\":[{\"@type\":\"SearchAction\",\"target\":{\"@type\":\"EntryPoint\",\"urlTemplate\":\"https:\\\/\\\/svamv.ch\\\/it\\\/?s={search_term_string}\"},\"query-input\":{\"@type\":\"PropertyValueSpecification\",\"valueRequired\":true,\"valueName\":\"search_term_string\"}}],\"inLanguage\":\"it-IT\"},{\"@type\":\"Person\",\"@id\":\"https:\\\/\\\/svamv.ch\\\/it\\\/#\\\/schema\\\/person\\\/caba2b635761621043a046bc4bb95f93\",\"name\":\"admin\",\"image\":{\"@type\":\"ImageObject\",\"inLanguage\":\"it-IT\",\"@id\":\"https:\\\/\\\/secure.gravatar.com\\\/avatar\\\/3d3f2fcb093e9c2d13668a154a0a0f6cd486b88af630485da5e7873949764c3a?s=96&d=mm&r=g\",\"url\":\"https:\\\/\\\/secure.gravatar.com\\\/avatar\\\/3d3f2fcb093e9c2d13668a154a0a0f6cd486b88af630485da5e7873949764c3a?s=96&d=mm&r=g\",\"contentUrl\":\"https:\\\/\\\/secure.gravatar.com\\\/avatar\\\/3d3f2fcb093e9c2d13668a154a0a0f6cd486b88af630485da5e7873949764c3a?s=96&d=mm&r=g\",\"caption\":\"admin\"},\"sameAs\":[\"https:\\\/\\\/svamv.ch\"],\"url\":\"https:\\\/\\\/svamv.ch\\\/it\\\/author\\\/admin\\\/\"}]}<\/script>\n<!-- \/ Yoast SEO plugin. -->","yoast_head_json":{"title":"Sabbia a perdita d'occhio: una pausa mentale da genitore single - SVAMV","robots":{"index":"index","follow":"follow","max-snippet":"max-snippet:-1","max-image-preview":"max-image-preview:large","max-video-preview":"max-video-preview:-1"},"canonical":"https:\/\/svamv.ch\/it\/sabbia-a-perdita-docchio-una-pausa-mentale-da-genitore-single\/","og_locale":"it_IT","og_type":"article","og_title":"Sabbia a perdita d'occhio: una pausa mentale da genitore single - SVAMV","og_description":"***Articolo ospite di Laura Sch\u00e4fer Sabbia a perdita d&#8217;occhio. O almeno \u00e8 cos\u00ec che la piccola coccinella ha percepito il mondo quando si \u00e8 persa nella conchiglia di sabbia di mio figlio, che aveva un diametro di circa un metro. L&#8217;ho portata rapidamente al sicuro prima che mio figlio la scoprisse e il piccolo insetto [&hellip;]","og_url":"https:\/\/svamv.ch\/it\/sabbia-a-perdita-docchio-una-pausa-mentale-da-genitore-single\/","og_site_name":"SVAMV","article_published_time":"2020-07-27T14:23:57+00:00","article_modified_time":"2024-12-19T08:09:43+00:00","og_image":[{"width":2560,"height":1707,"url":"https:\/\/svamv.ch\/wp-content\/uploads\/2024\/07\/tsunami-green-VpuQh755zD8-unsplash-scaled.jpg","type":"image\/jpeg"}],"author":"admin","twitter_card":"summary_large_image","twitter_misc":{"Scritto da":"admin","Tempo di lettura stimato":"10 minuti"},"schema":{"@context":"https:\/\/schema.org","@graph":[{"@type":"Article","@id":"https:\/\/svamv.ch\/it\/sabbia-a-perdita-docchio-una-pausa-mentale-da-genitore-single\/#article","isPartOf":{"@id":"https:\/\/svamv.ch\/it\/sabbia-a-perdita-docchio-una-pausa-mentale-da-genitore-single\/"},"author":{"name":"admin","@id":"https:\/\/svamv.ch\/it\/#\/schema\/person\/caba2b635761621043a046bc4bb95f93"},"headline":"Sabbia a perdita d&#8217;occhio: una pausa mentale da genitore single","datePublished":"2020-07-27T14:23:57+00:00","dateModified":"2024-12-19T08:09:43+00:00","mainEntityOfPage":{"@id":"https:\/\/svamv.ch\/it\/sabbia-a-perdita-docchio-una-pausa-mentale-da-genitore-single\/"},"wordCount":2017,"image":{"@id":"https:\/\/svamv.ch\/it\/sabbia-a-perdita-docchio-una-pausa-mentale-da-genitore-single\/#primaryimage"},"thumbnailUrl":"https:\/\/svamv.ch\/wp-content\/uploads\/2024\/07\/tsunami-green-VpuQh755zD8-unsplash-scaled.jpg","articleSection":["Non categorizzato"],"inLanguage":"it-IT"},{"@type":"WebPage","@id":"https:\/\/svamv.ch\/it\/sabbia-a-perdita-docchio-una-pausa-mentale-da-genitore-single\/","url":"https:\/\/svamv.ch\/it\/sabbia-a-perdita-docchio-una-pausa-mentale-da-genitore-single\/","name":"Sabbia a perdita d'occhio: una pausa mentale da genitore single - SVAMV","isPartOf":{"@id":"https:\/\/svamv.ch\/it\/#website"},"primaryImageOfPage":{"@id":"https:\/\/svamv.ch\/it\/sabbia-a-perdita-docchio-una-pausa-mentale-da-genitore-single\/#primaryimage"},"image":{"@id":"https:\/\/svamv.ch\/it\/sabbia-a-perdita-docchio-una-pausa-mentale-da-genitore-single\/#primaryimage"},"thumbnailUrl":"https:\/\/svamv.ch\/wp-content\/uploads\/2024\/07\/tsunami-green-VpuQh755zD8-unsplash-scaled.jpg","datePublished":"2020-07-27T14:23:57+00:00","dateModified":"2024-12-19T08:09:43+00:00","author":{"@id":"https:\/\/svamv.ch\/it\/#\/schema\/person\/caba2b635761621043a046bc4bb95f93"},"breadcrumb":{"@id":"https:\/\/svamv.ch\/it\/sabbia-a-perdita-docchio-una-pausa-mentale-da-genitore-single\/#breadcrumb"},"inLanguage":"it-IT","potentialAction":[{"@type":"ReadAction","target":["https:\/\/svamv.ch\/it\/sabbia-a-perdita-docchio-una-pausa-mentale-da-genitore-single\/"]}]},{"@type":"ImageObject","inLanguage":"it-IT","@id":"https:\/\/svamv.ch\/it\/sabbia-a-perdita-docchio-una-pausa-mentale-da-genitore-single\/#primaryimage","url":"https:\/\/svamv.ch\/wp-content\/uploads\/2024\/07\/tsunami-green-VpuQh755zD8-unsplash-scaled.jpg","contentUrl":"https:\/\/svamv.ch\/wp-content\/uploads\/2024\/07\/tsunami-green-VpuQh755zD8-unsplash-scaled.jpg","width":2560,"height":1707},{"@type":"BreadcrumbList","@id":"https:\/\/svamv.ch\/it\/sabbia-a-perdita-docchio-una-pausa-mentale-da-genitore-single\/#breadcrumb","itemListElement":[{"@type":"ListItem","position":1,"name":"Startseite","item":"https:\/\/svamv.ch\/it\/"},{"@type":"ListItem","position":2,"name":"Sabbia a perdita d&#8217;occhio: una pausa mentale da genitore single"}]},{"@type":"WebSite","@id":"https:\/\/svamv.ch\/it\/#website","url":"https:\/\/svamv.ch\/it\/","name":"SVAMV","description":"Allein erziehen einfacher gemacht","potentialAction":[{"@type":"SearchAction","target":{"@type":"EntryPoint","urlTemplate":"https:\/\/svamv.ch\/it\/?s={search_term_string}"},"query-input":{"@type":"PropertyValueSpecification","valueRequired":true,"valueName":"search_term_string"}}],"inLanguage":"it-IT"},{"@type":"Person","@id":"https:\/\/svamv.ch\/it\/#\/schema\/person\/caba2b635761621043a046bc4bb95f93","name":"admin","image":{"@type":"ImageObject","inLanguage":"it-IT","@id":"https:\/\/secure.gravatar.com\/avatar\/3d3f2fcb093e9c2d13668a154a0a0f6cd486b88af630485da5e7873949764c3a?s=96&d=mm&r=g","url":"https:\/\/secure.gravatar.com\/avatar\/3d3f2fcb093e9c2d13668a154a0a0f6cd486b88af630485da5e7873949764c3a?s=96&d=mm&r=g","contentUrl":"https:\/\/secure.gravatar.com\/avatar\/3d3f2fcb093e9c2d13668a154a0a0f6cd486b88af630485da5e7873949764c3a?s=96&d=mm&r=g","caption":"admin"},"sameAs":["https:\/\/svamv.ch"],"url":"https:\/\/svamv.ch\/it\/author\/admin\/"}]}},"_links":{"self":[{"href":"https:\/\/svamv.ch\/it\/wp-json\/wp\/v2\/posts\/1851","targetHints":{"allow":["GET"]}}],"collection":[{"href":"https:\/\/svamv.ch\/it\/wp-json\/wp\/v2\/posts"}],"about":[{"href":"https:\/\/svamv.ch\/it\/wp-json\/wp\/v2\/types\/post"}],"author":[{"embeddable":true,"href":"https:\/\/svamv.ch\/it\/wp-json\/wp\/v2\/users\/1"}],"replies":[{"embeddable":true,"href":"https:\/\/svamv.ch\/it\/wp-json\/wp\/v2\/comments?post=1851"}],"version-history":[{"count":1,"href":"https:\/\/svamv.ch\/it\/wp-json\/wp\/v2\/posts\/1851\/revisions"}],"predecessor-version":[{"id":1853,"href":"https:\/\/svamv.ch\/it\/wp-json\/wp\/v2\/posts\/1851\/revisions\/1853"}],"wp:featuredmedia":[{"embeddable":true,"href":"https:\/\/svamv.ch\/it\/wp-json\/wp\/v2\/media\/1166"}],"wp:attachment":[{"href":"https:\/\/svamv.ch\/it\/wp-json\/wp\/v2\/media?parent=1851"}],"wp:term":[{"taxonomy":"category","embeddable":true,"href":"https:\/\/svamv.ch\/it\/wp-json\/wp\/v2\/categories?post=1851"},{"taxonomy":"post_tag","embeddable":true,"href":"https:\/\/svamv.ch\/it\/wp-json\/wp\/v2\/tags?post=1851"},{"taxonomy":"indy-keyword","embeddable":true,"href":"https:\/\/svamv.ch\/it\/wp-json\/wp\/v2\/indy-keyword?post=1851"}],"curies":[{"name":"wp","href":"https:\/\/api.w.org\/{rel}","templated":true}]}}